{"id":10004688,"date":"2026-09-01T19:50:03","date_gmt":"2026-09-01T17:50:03","guid":{"rendered":"https:\/\/www.caicagliari.it\/escursionismo\/?p=10004688"},"modified":"2026-09-01T19:50:16","modified_gmt":"2026-09-01T17:50:16","slug":"sab-dom-03-04-ottobre-2026-pevero-caprera","status":"publish","type":"post","link":"https:\/\/www.caicagliari.it\/escursionismo\/2026\/09\/01\/sab-dom-03-04-ottobre-2026-pevero-caprera\/","title":{"rendered":"Sab\/Dom 03-04 Ottobre 2026 &#8211; Pevero-Caprera"},"content":{"rendered":"<p>Sono aperte le iscrizioni per l\u2019escursione del fine settimana 3-4 Ottobre Pevero\/Caprera.<br \/>\nChi \u00e8 interessato a partecipare dovr\u00e0 comunicare la propria adesione al numero indicato nell&#8217;allegato a partire da Marted\u00ec 1 Settembre.<br \/>\nLe adesioni saranno accettate fino al raggiungimento del numero massimo di partecipanti previsti che, per problemi logistici, \u00e8 fissato in 25, e comunque entro e non oltre mercoled\u00ec 9 Settembre.<br \/>\nSi precisa che non \u00e8 prevista la possibilit\u00e0 di partecipare ad una sola delle due escursioni programmate.<br \/>\nIn allegato il <a href=\"https:\/\/www.caicagliari.it\/escursionismo\/wp-content\/uploads\/sites\/2\/2026\/09\/2026_10_03-04-Pevero-Caprera.pdf\" target=\"_blank\" rel=\"noopener\">programma di massima<\/a>.<\/p>\n","protected":false},"excerpt":{"rendered":"<p>Sono aperte le iscrizioni per l\u2019escursione del fine settimana 3-4 Ottobre Pevero\/Caprera. Chi \u00e8 interessato a partecipare dovr\u00e0 comunicare la propria adesione al numero indicato nell&#8217;allegato a partire da Marted\u00ec 1 Settembre. Le adesioni saranno accettate fino al raggiungimento del &hellip; <a href=\"https:\/\/www.caicagliari.it\/escursionismo\/2026\/09\/01\/sab-dom-03-04-ottobre-2026-pevero-caprera\/\">Continua<\/a><\/p>\n","protected":false},"author":9,"featured_media":10003680,"comment_status":"closed","ping_status":"closed","sticky":false,"template":"","format":"standard","meta":{"_acf_changed":false,"_jetpack_newsletter_access":"","_jetpack_dont_email_post_to_subs":false,"_jetpack_newsletter_tier_id":0,"_jetpack_memberships_contains_paywalled_content":false,"_jetpack_memberships_contains_paid_content":false,"footnotes":"","jetpack_publicize_message":"","jetpack_publicize_feature_enabled":true,"jetpack_social_post_already_shared":true,"jetpack_social_options":{"image_generator_settings":{"template":"highway","default_image_id":0,"font":"","enabled":false},"version":2},"jetpack_post_was_ever_published":false},"categories":[37],"tags":[],"class_list":["post-10004688","post","type-post","status-publish","format-standard","has-post-thumbnail","hentry","category-escursioni-2026"],"acf":[],"jetpack_publicize_connections":[],"jetpack_featured_media_url":"https:\/\/i0.wp.com\/www.caicagliari.it\/escursionismo\/wp-content\/uploads\/sites\/2\/2024\/04\/Logo-gescai.jpg?fit=204%2C202&ssl=1","jetpack_sharing_enabled":true,"jetpack_shortlink":"https:\/\/wp.me\/p7kNhu-FYFW","jetpack-related-posts":[{"id":10002386,"url":"https:\/\/www.caicagliari.it\/escursionismo\/2020\/09\/27\/sabato-3-domenica-4-ottobre-2020-traversata-caravius-lattias\/","url_meta":{"origin":10004688,"position":0},"title":"Sabato 3 &#8211; Domenica 4 Ottobre 2020 Traversata Caravius-Lattias","author":"paolop","date":"27 Settembre 2020","format":false,"excerpt":"Per il primo week-end di ottobre il calendario prevede due escursioni: - per domenica 04 ottobre: Perda Niedda P.ta Bolentino (Domusnovas) - per sabato 03 e domenica 04 ottobre: una due giorni per la traversata Is Caravius - Lattias. Per permettere ai direttori di definire per tempo l'organizzazione logistica della\u2026","rel":"","context":"In &quot;Escursioni 2020&quot;","block_context":{"text":"Escursioni 2020","link":"https:\/\/www.caicagliari.it\/escursionismo\/category\/escursioni-2020\/"},"img":{"alt_text":"","src":"https:\/\/i0.wp.com\/www.caicagliari.it\/escursionismo\/wp-content\/uploads\/sites\/2\/2020\/09\/Caravius-Lattias_ico2.jpg?fit=208%2C277&ssl=1&resize=350%2C200","width":350,"height":200},"classes":[]},{"id":10002401,"url":"https:\/\/www.caicagliari.it\/escursionismo\/2020\/09\/21\/domenica-27-settembre-2020-punta-corrasi-oliena\/","url_meta":{"origin":10004688,"position":1},"title":"Domenica 11 Ottobre 2020 &#8211; Punta Corrasi &#8211; Oliena","author":"paolop","date":"21 Settembre 2020","format":false,"excerpt":"Escursione inizialmente prevista per il 27 Settembre 2020. Rinviata causa maltempo al giorno 11\/10\/2020. Sostituir\u00e0 l'escursione a Monte Gennargentu di Buggerru che viene rinviata a data da destinarsi. Escursione riservata ai soci; max n. 20 partecipanti. L\u2019escursione si svolge nel magnifico territorio di Oliena. \u2013 Lunghezza 12,0 km circa \u2013\u2026","rel":"","context":"In &quot;Escursioni 2020&quot;","block_context":{"text":"Escursioni 2020","link":"https:\/\/www.caicagliari.it\/escursionismo\/category\/escursioni-2020\/"},"img":{"alt_text":"","src":"","width":0,"height":0},"classes":[]},{"id":10002727,"url":"https:\/\/www.caicagliari.it\/escursionismo\/2021\/10\/10\/domenica-10-ottobre-2021-colline-di-masainas\/","url_meta":{"origin":10004688,"position":2},"title":"Domenica 17 Ottobre 2021 &#8211; Colline di Masainas","author":"paolop","date":"10 Ottobre 2021","format":false,"excerpt":"INIZIALMENTE PREVISTA PER IL 10 OTTOBRE - RINVIATA AL 17 OTTOBRE - Un\u2019escursione che si snoda\u00a0 tra le colline di Masainas: ampie vedute verso le montagne del Sulcis da un lato e verso il mare e l'arcipelago sulcitano dall'altro. Causa Covid-19 l\u2019escursione \u00e8 riservata ai soci. E\u2019 comunque possibile partecipare\u2026","rel":"","context":"In &quot;Escursioni 2021&quot;","block_context":{"text":"Escursioni 2021","link":"https:\/\/www.caicagliari.it\/escursionismo\/category\/escursioni-2021\/"},"img":{"alt_text":"","src":"https:\/\/i0.wp.com\/www.caicagliari.it\/escursionismo\/wp-content\/uploads\/sites\/2\/2021\/09\/masainas_ico.jpg?fit=233%2C268&ssl=1&resize=350%2C200","width":350,"height":200},"classes":[]},{"id":10000404,"url":"https:\/\/www.caicagliari.it\/escursionismo\/2011\/10\/13\/17-funtana-tiriccu-guado-salassi-sadali-villanovatulo\/","url_meta":{"origin":10004688,"position":3},"title":"17 Funtana Tiriccu &#8211; Guado Salassi (Sadali &#8211; Villanovatulo)","author":"admin","date":"13 Ottobre 2011","format":false,"excerpt":"\u00a0 \u00a0 Club Alpino Italiano \u2013 Sezione di Cagliari Programma Annuale Escursioni 2011 \u00a0 domenica 18 settembre\u00a0\u00a0\u00a0\u00a0\u00a0\u00a0\u00a0\u00a0\u00a0\u00a0\u00a0\u00a0\u00a0\u00a0\u00a0\u00a0\u00a0\u00a0\u00a0\u00a0 17a ESCURSIONE SOCIALE \u00a0 Funtana Tiriccu-Guado Salassi \u00a0 Riferimento cartografico Foglio IGMI scala 1:25000 Comuni interessati Sadali, Villanovatulo Lunghezza 12 km circa Dislivello in salita 500 m Dislivello in discesa 500 m Tempo\u2026","rel":"","context":"In &quot;Escursioni 2011&quot;","block_context":{"text":"Escursioni 2011","link":"https:\/\/www.caicagliari.it\/escursionismo\/category\/escursioni-2011\/"},"img":{"alt_text":"","src":"","width":0,"height":0},"classes":[]},{"id":10002719,"url":"https:\/\/www.caicagliari.it\/escursionismo\/2021\/09\/12\/domenica-26-settembre-2021-sa-portiscra\/","url_meta":{"origin":10004688,"position":4},"title":"Domenica 26 Settembre 2021 &#8211; Sa Portiscra","author":"paolop","date":"12 Settembre 2021","format":false,"excerpt":"Una bellissima escursione nel Supramonte di Urzulei che si svolge su sentieri evidenti e ben tenuti, sul versante orientale della Codula \u2018e Lune ed immersa per buona parte in splendide leccete. Causa Covid-19 l\u2019escursione \u00e8 riservata ai soci. E\u2019 comunque possibile partecipare presentando una contestuale richiesta di diventare soci. Max\u2026","rel":"","context":"In &quot;Escursioni 2021&quot;","block_context":{"text":"Escursioni 2021","link":"https:\/\/www.caicagliari.it\/escursionismo\/category\/escursioni-2021\/"},"img":{"alt_text":"","src":"https:\/\/i0.wp.com\/www.caicagliari.it\/escursionismo\/wp-content\/uploads\/sites\/2\/2021\/06\/SaPort_ico.jpg?fit=346%2C327&ssl=1&resize=350%2C200","width":350,"height":200},"classes":[]}],"_links":{"self":[{"href":"https:\/\/www.caicagliari.it\/escursionismo\/wp-json\/wp\/v2\/posts\/10004688","targetHints":{"allow":["GET"]}}],"collection":[{"href":"https:\/\/www.caicagliari.it\/escursionismo\/wp-json\/wp\/v2\/posts"}],"about":[{"href":"https:\/\/www.caicagliari.it\/escursionismo\/wp-json\/wp\/v2\/types\/post"}],"author":[{"embeddable":true,"href":"https:\/\/www.caicagliari.it\/escursionismo\/wp-json\/wp\/v2\/users\/9"}],"replies":[{"embeddable":true,"href":"https:\/\/www.caicagliari.it\/escursionismo\/wp-json\/wp\/v2\/comments?post=10004688"}],"version-history":[{"count":1,"href":"https:\/\/www.caicagliari.it\/escursionismo\/wp-json\/wp\/v2\/posts\/10004688\/revisions"}],"predecessor-version":[{"id":10004689,"href":"https:\/\/www.caicagliari.it\/escursionismo\/wp-json\/wp\/v2\/posts\/10004688\/revisions\/10004689"}],"wp:featuredmedia":[{"embeddable":true,"href":"https:\/\/www.caicagliari.it\/escursionismo\/wp-json\/wp\/v2\/media\/10003680"}],"wp:attachment":[{"href":"https:\/\/www.caicagliari.it\/escursionismo\/wp-json\/wp\/v2\/media?parent=10004688"}],"wp:term":[{"taxonomy":"category","embeddable":true,"href":"https:\/\/www.caicagliari.it\/escursionismo\/wp-json\/wp\/v2\/categories?post=10004688"},{"taxonomy":"post_tag","embeddable":true,"href":"https:\/\/www.caicagliari.it\/escursionismo\/wp-json\/wp\/v2\/tags?post=10004688"}],"curies":[{"name":"wp","href":"https:\/\/api.w.org\/{rel}","templated":true}]}}