{"id":10003125,"date":"2023-02-10T15:34:21","date_gmt":"2023-02-10T14:34:21","guid":{"rendered":"https:\/\/www.caicagliari.it\/escursionismo\/?p=10003125"},"modified":"2023-02-10T15:34:21","modified_gmt":"2023-02-10T14:34:21","slug":"in-agosto-sulle-dolomiti","status":"publish","type":"post","link":"https:\/\/www.caicagliari.it\/escursionismo\/2023\/02\/10\/in-agosto-sulle-dolomiti\/","title":{"rendered":"In Agosto sulle Dolomiti"},"content":{"rendered":"<p>Il Club Alpino Italiani &#8211; Sezione di Cagliari organizza dal 19 al 26 Agosto 2023 un trekking nel P.N. Dolomiti di Sesto e Dolomiti Ampezzane. Uno splendido itinerario che, senza particolari difficolt\u00e0 tecniche,\u00a0 attraversa alcuni tra gli eccezionali ambienti alpini.<\/p>\n<p>Per le informazioni iniziali e per i contatti consultare la <a href=\"https:\/\/www.caicagliari.it\/escursionismo\/wp-content\/uploads\/sites\/2\/2023\/02\/trek-dolomiti-2023.pdf\" target=\"_blank\" rel=\"noopener\">locandina allegata<\/a>.<\/p>\n<p>&nbsp;<\/p>\n","protected":false},"excerpt":{"rendered":"<p>Il Club Alpino Italiani &#8211; Sezione di Cagliari organizza dal 19 al 26 Agosto 2023 un trekking nel P.N. Dolomiti di Sesto e Dolomiti Ampezzane. Uno splendido itinerario che, senza particolari difficolt\u00e0 tecniche,\u00a0 attraversa alcuni tra gli eccezionali ambienti alpini. &hellip; <a href=\"https:\/\/www.caicagliari.it\/escursionismo\/2023\/02\/10\/in-agosto-sulle-dolomiti\/\">Continua<\/a><\/p>\n","protected":false},"author":9,"featured_media":10003126,"comment_status":"closed","ping_status":"closed","sticky":false,"template":"","format":"standard","meta":{"_acf_changed":false,"_jetpack_newsletter_access":"","_jetpack_dont_email_post_to_subs":false,"_jetpack_newsletter_tier_id":0,"_jetpack_memberships_contains_paywalled_content":false,"_jetpack_memberships_contains_paid_content":false,"footnotes":"","jetpack_publicize_message":"","jetpack_publicize_feature_enabled":true,"jetpack_social_post_already_shared":true,"jetpack_social_options":{"image_generator_settings":{"template":"highway","default_image_id":0,"font":"","enabled":false},"version":2},"jetpack_post_was_ever_published":false},"categories":[22],"tags":[],"class_list":["post-10003125","post","type-post","status-publish","format-standard","has-post-thumbnail","hentry","category-escursioni-2023"],"acf":[],"jetpack_publicize_connections":[],"jetpack_featured_media_url":"https:\/\/i0.wp.com\/www.caicagliari.it\/escursionismo\/wp-content\/uploads\/sites\/2\/2023\/02\/dolomiti-2023.jpg?fit=756%2C238&ssl=1","jetpack_sharing_enabled":true,"jetpack_shortlink":"https:\/\/wp.me\/p7kNhu-FYgJ","jetpack-related-posts":[{"id":10003963,"url":"https:\/\/www.caicagliari.it\/escursionismo\/2025\/01\/30\/anello-delle-dolomiti-friulane-16-23-agosto-2025\/","url_meta":{"origin":10003125,"position":0},"title":"Anello delle Dolomiti Friulane &#8211; 16-23 Agosto 2025","author":"paolop","date":"30 Gennaio 2025","format":false,"excerpt":"Il CAI-Cagliari organizza un itinerario nelle Dolomiti Friulane (o Dolomiti d'Oltre Piave) inserite nella lista del Patrimonio Unesco dal 2009. L\u2019Itinerario non presenta rilevanti difficolt\u00e0 tecniche ma richiede capacit\u00e0 di progressione, adeguata forma fisica, resistenza, allenamento e disponibilit\u00e0 a lunghe camminate con lo zaino in spalla, anche su dislivelli e\/o\u2026","rel":"","context":"In &quot;Escursioni 2025&quot;","block_context":{"text":"Escursioni 2025","link":"https:\/\/www.caicagliari.it\/escursionismo\/category\/escursioni-2025\/"},"img":{"alt_text":"","src":"https:\/\/i0.wp.com\/www.caicagliari.it\/escursionismo\/wp-content\/uploads\/sites\/2\/2025\/01\/2025_08.jpg?fit=634%2C489&ssl=1&resize=350%2C200","width":350,"height":200,"srcset":"https:\/\/i0.wp.com\/www.caicagliari.it\/escursionismo\/wp-content\/uploads\/sites\/2\/2025\/01\/2025_08.jpg?fit=634%2C489&ssl=1&resize=350%2C200 1x, https:\/\/i0.wp.com\/www.caicagliari.it\/escursionismo\/wp-content\/uploads\/sites\/2\/2025\/01\/2025_08.jpg?fit=634%2C489&ssl=1&resize=525%2C300 1.5x"},"classes":[]},{"id":10004678,"url":"https:\/\/www.caicagliari.it\/escursionismo\/2026\/08\/13\/giovedi-27-agosto-2026-luna-dello-storione\/","url_meta":{"origin":10003125,"position":1},"title":"Gioved\u00ec 27 Agosto 2026 &#8211; Luna dello Storione","author":"paolop","date":"13 Agosto 2026","format":false,"excerpt":"Il 27 AGOSTO GIOVEDI\u2019 2026 ci troveremmo per assistere al sorgere della Luna dello Storione. Ore 18:00 Partenza dal piazzale di Marina Piccola Cagliari. Orario del sorgere: 19:19 ammireremo il sorgere della luna che spunta dal Golfo degli Angeli. Difficolt\u00e0: EE con rientro alle auto da fare con l\u2019ausilio della\u2026","rel":"","context":"In &quot;Escursioni 2026&quot;","block_context":{"text":"Escursioni 2026","link":"https:\/\/www.caicagliari.it\/escursionismo\/category\/escursioni-2026\/"},"img":{"alt_text":"","src":"","width":0,"height":0},"classes":[]},{"id":10002817,"url":"https:\/\/www.caicagliari.it\/escursionismo\/2022\/03\/06\/20-27-agosto-2022-trekking-estivo\/","url_meta":{"origin":10003125,"position":2},"title":"20-27 Agosto 2022 &#8211; Trekking estivo","author":"paolop","date":"6 Marzo 2022","format":false,"excerpt":"Una settimana escursionistica d\u2019alta montagna tra sentieri e stupendi panorami nel P.N. Svizzero e P. N. dello Stelvio. Si parte dalla piccola stazione di Morterasch (1896m), Val Bernina (CH); da qui saliamo alla Chamanna Boval (2495 m), si transita poi attraverso il Passo del Bernina (2307 m) per giungere alla\u2026","rel":"","context":"In &quot;Escursioni 2022&quot;","block_context":{"text":"Escursioni 2022","link":"https:\/\/www.caicagliari.it\/escursionismo\/category\/escursioni-2022\/"},"img":{"alt_text":"","src":"https:\/\/i0.wp.com\/www.caicagliari.it\/escursionismo\/wp-content\/uploads\/sites\/2\/2022\/03\/livigno_ico.jpg?fit=628%2C421&ssl=1&resize=350%2C200","width":350,"height":200,"srcset":"https:\/\/i0.wp.com\/www.caicagliari.it\/escursionismo\/wp-content\/uploads\/sites\/2\/2022\/03\/livigno_ico.jpg?fit=628%2C421&ssl=1&resize=350%2C200 1x, https:\/\/i0.wp.com\/www.caicagliari.it\/escursionismo\/wp-content\/uploads\/sites\/2\/2022\/03\/livigno_ico.jpg?fit=628%2C421&ssl=1&resize=525%2C300 1.5x"},"classes":[]},{"id":10001878,"url":"https:\/\/www.caicagliari.it\/escursionismo\/2018\/08\/02\/10002625\/","url_meta":{"origin":10003125,"position":3},"title":"Bozza del Regolamento regionale per la sentieristica","author":"paolop","date":"2 Agosto 2018","format":false,"excerpt":"La Regione Sardegna, con il supporto tecnico dell'Agenzia regionale Fo.Re.S.T.A.S., ha predisposto il Regolamento regionale per la Sentieristica. Il documento rappresenta anche il primo Piano per l'istituzione e la gestione della R.E.S. (Rete Escursionistica della Sardegna) e dellla Rete delle Ippovie sarde. Attraverso la piattaforma sardegnapartecipa.it e gli incontri tecnici\u2026","rel":"","context":"In &quot;Appuntamenti ed Eventi&quot;","block_context":{"text":"Appuntamenti ed Eventi","link":"https:\/\/www.caicagliari.it\/escursionismo\/category\/appuntamenti-ed-eventi\/"},"img":{"alt_text":"","src":"","width":0,"height":0},"classes":[]},{"id":10003328,"url":"https:\/\/www.caicagliari.it\/escursionismo\/2023\/06\/24\/corso-di-formazione-e-verifica-per-accompagnatori-di-escursionismo-ase-e-ae\/","url_meta":{"origin":10003125,"position":4},"title":"Corso di Formazione e Verifica per Accompagnatori di Escursionismo (ASE e AE)","author":"paolop","date":"24 Giugno 2023","format":false,"excerpt":"La Scuola Regionale di Escursionismo (SRE) su mandato del competente OTTO Escursionismo Sardegna, sulla base delle Linee Guida e dei Piani Didattici per la formazione dei Titolati di Escursionismo (ed. 2019 approvate il 05\/10\/2019), organizza il: 3\u00b0 Corso di Formazione e Verifica per Accompagnatori di Escursionismo (ASE e AE) \u00a0\u2026","rel":"","context":"In &quot;Appuntamenti ed Eventi&quot;","block_context":{"text":"Appuntamenti ed Eventi","link":"https:\/\/www.caicagliari.it\/escursionismo\/category\/appuntamenti-ed-eventi\/"},"img":{"alt_text":"","src":"https:\/\/i0.wp.com\/www.caicagliari.it\/escursionismo\/wp-content\/uploads\/sites\/2\/2022\/09\/caica.jpg?fit=512%2C512&ssl=1&resize=350%2C200","width":350,"height":200},"classes":[]},{"id":10003149,"url":"https:\/\/www.caicagliari.it\/escursionismo\/2023\/03\/12\/domenica-19-marzo-2023-via-dellargento-burcei\/","url_meta":{"origin":10003125,"position":5},"title":"Domenica 19 Marzo 2023 &#8211; Via dell&#8217;Argento &#8211; Burcei","author":"paolop","date":"12 Marzo 2023","format":false,"excerpt":"Un\u2019escursione piena di storia, un paesaggio aspro caratterizzato dalla presenza di numerose miniere abbandonate che si alternano a boschetti di olivastri, ginepri e, ancora in questa .stagione, bellissimi bacini di acqua cristallina. L\u2019escursione \u00e8 limitata a max n. 30 partecipanti. E\u2019 previsto un contributo organizzativo di 3 euro per i\u2026","rel":"","context":"In &quot;Escursioni 2023&quot;","block_context":{"text":"Escursioni 2023","link":"https:\/\/www.caicagliari.it\/escursionismo\/category\/escursioni-2023\/"},"img":{"alt_text":"","src":"https:\/\/i0.wp.com\/www.caicagliari.it\/escursionismo\/wp-content\/uploads\/sites\/2\/2023\/03\/via-arg_2023.jpg?fit=574%2C417&ssl=1&resize=350%2C200","width":350,"height":200,"srcset":"https:\/\/i0.wp.com\/www.caicagliari.it\/escursionismo\/wp-content\/uploads\/sites\/2\/2023\/03\/via-arg_2023.jpg?fit=574%2C417&ssl=1&resize=350%2C200 1x, https:\/\/i0.wp.com\/www.caicagliari.it\/escursionismo\/wp-content\/uploads\/sites\/2\/2023\/03\/via-arg_2023.jpg?fit=574%2C417&ssl=1&resize=525%2C300 1.5x"},"classes":[]}],"_links":{"self":[{"href":"https:\/\/www.caicagliari.it\/escursionismo\/wp-json\/wp\/v2\/posts\/10003125","targetHints":{"allow":["GET"]}}],"collection":[{"href":"https:\/\/www.caicagliari.it\/escursionismo\/wp-json\/wp\/v2\/posts"}],"about":[{"href":"https:\/\/www.caicagliari.it\/escursionismo\/wp-json\/wp\/v2\/types\/post"}],"author":[{"embeddable":true,"href":"https:\/\/www.caicagliari.it\/escursionismo\/wp-json\/wp\/v2\/users\/9"}],"replies":[{"embeddable":true,"href":"https:\/\/www.caicagliari.it\/escursionismo\/wp-json\/wp\/v2\/comments?post=10003125"}],"version-history":[{"count":1,"href":"https:\/\/www.caicagliari.it\/escursionismo\/wp-json\/wp\/v2\/posts\/10003125\/revisions"}],"predecessor-version":[{"id":10003128,"href":"https:\/\/www.caicagliari.it\/escursionismo\/wp-json\/wp\/v2\/posts\/10003125\/revisions\/10003128"}],"wp:featuredmedia":[{"embeddable":true,"href":"https:\/\/www.caicagliari.it\/escursionismo\/wp-json\/wp\/v2\/media\/10003126"}],"wp:attachment":[{"href":"https:\/\/www.caicagliari.it\/escursionismo\/wp-json\/wp\/v2\/media?parent=10003125"}],"wp:term":[{"taxonomy":"category","embeddable":true,"href":"https:\/\/www.caicagliari.it\/escursionismo\/wp-json\/wp\/v2\/categories?post=10003125"},{"taxonomy":"post_tag","embeddable":true,"href":"https:\/\/www.caicagliari.it\/escursionismo\/wp-json\/wp\/v2\/tags?post=10003125"}],"curies":[{"name":"wp","href":"https:\/\/api.w.org\/{rel}","templated":true}]}}