{"id":10002797,"date":"2022-02-16T19:50:41","date_gmt":"2022-02-16T18:50:41","guid":{"rendered":"https:\/\/www.caicagliari.it\/escursionismo\/?p=10002797"},"modified":"2022-02-25T15:33:19","modified_gmt":"2022-02-25T14:33:19","slug":"domenica-27-febbraio-2022-campanili-de-su-zinnibiri-villacidro","status":"publish","type":"post","link":"https:\/\/www.caicagliari.it\/escursionismo\/2022\/02\/16\/domenica-27-febbraio-2022-campanili-de-su-zinnibiri-villacidro\/","title":{"rendered":"Domenica 27 Febbraio 2022 &#8211; Campanili de su Zinnibiri &#8211; Villacidro"},"content":{"rendered":"<p>Un percorso davvero notevole dal punto di vista escursionistico: un ambiente di alto valore naturalistico ricco di rocce, di acqua, di vegetazione, e di incantevoli scorci paesaggistici.<br \/>\n\u2013 Lunghezza km.9.0 circa<br \/>\n\u2013 Dislivello in salita e in discesa m.540 circa<br \/>\n\u2013 Tempo di percorrenza 5 ore circa (soste, pausa pranzo escluse)<br \/>\n\u2013 Difficolt\u00e0 E<br \/>\nCausa Covis-19 l&#8217;escursione \u00e8 riservata ai soci, quota di partecipazione 3 euro.<br \/>\nPrendere assolutamente visione delle \u201cNorme di comportamento per il contenimento emergenza Covid-19\u201d inserite nel programma.<br \/>\n<a href=\"https:\/\/www.caicagliari.it\/escursionismo\/wp-content\/uploads\/sites\/2\/2022\/02\/2022_02_27-Campanili-Zinnibiri.pdf\" target=\"_blank\" rel=\"noopener\">Descrizione dell\u2019escursione<\/a><br \/>\nConsulta le indicazioni presenti nella descrizione dell\u2019escursione.<\/p>\n","protected":false},"excerpt":{"rendered":"<p>Un percorso davvero notevole dal punto di vista escursionistico: un ambiente di alto valore naturalistico ricco di rocce, di acqua, di vegetazione, e di incantevoli scorci paesaggistici. \u2013 Lunghezza km.9.0 circa \u2013 Dislivello in salita e in discesa m.540 circa &hellip; <a href=\"https:\/\/www.caicagliari.it\/escursionismo\/2022\/02\/16\/domenica-27-febbraio-2022-campanili-de-su-zinnibiri-villacidro\/\">Continua<\/a><\/p>\n","protected":false},"author":9,"featured_media":10002799,"comment_status":"closed","ping_status":"closed","sticky":false,"template":"","format":"standard","meta":{"_acf_changed":false,"_jetpack_newsletter_access":"","_jetpack_dont_email_post_to_subs":false,"_jetpack_newsletter_tier_id":0,"_jetpack_memberships_contains_paywalled_content":false,"_jetpack_memberships_contains_paid_content":false,"footnotes":"","jetpack_publicize_message":"","jetpack_publicize_feature_enabled":true,"jetpack_social_post_already_shared":true,"jetpack_social_options":{"image_generator_settings":{"template":"highway","default_image_id":0,"font":"","enabled":false},"version":2},"jetpack_post_was_ever_published":false},"categories":[21],"tags":[],"class_list":["post-10002797","post","type-post","status-publish","format-standard","has-post-thumbnail","hentry","category-escursioni-2022"],"acf":[],"jetpack_publicize_connections":[],"jetpack_featured_media_url":"https:\/\/i0.wp.com\/www.caicagliari.it\/escursionismo\/wp-content\/uploads\/sites\/2\/2022\/02\/campzinn_ico.jpg?fit=686%2C510&ssl=1","jetpack_sharing_enabled":true,"jetpack_shortlink":"https:\/\/wp.me\/p7kNhu-FYbr","jetpack-related-posts":[{"id":10003518,"url":"https:\/\/www.caicagliari.it\/escursionismo\/2024\/01\/12\/domenica-21-gennaio-2024-p-sebera-calamixi\/","url_meta":{"origin":10002797,"position":0},"title":"Domenica 21 Gennaio 2024 &#8211; P.Sebera &#8211; Calamixi","author":"paolop","date":"12 Gennaio 2024","format":false,"excerpt":"Recupero dell'escursione inizialmente prevista per il 17\/12\/2023. Panoramica escursione non molto impegnativa, con ampi panorami da Punta Sebera e una vista suggestiva sull\u2019incantevole orrido di Calamixi. \u2013 Lunghezza km.10 circa \u2013 Dislivello in salita m.500 circa \u2013 Dislivello in discesa m.500 circa \u2013 Tempo di percorrenza 6 ore circa (pause\u2026","rel":"","context":"In &quot;Escursioni 2024&quot;","block_context":{"text":"Escursioni 2024","link":"https:\/\/www.caicagliari.it\/escursionismo\/category\/escursioni-2024\/"},"img":{"alt_text":"","src":"https:\/\/i0.wp.com\/www.caicagliari.it\/escursionismo\/wp-content\/uploads\/sites\/2\/2023\/12\/IsCannoneris.jpg?fit=801%2C380&ssl=1&resize=350%2C200","width":350,"height":200,"srcset":"https:\/\/i0.wp.com\/www.caicagliari.it\/escursionismo\/wp-content\/uploads\/sites\/2\/2023\/12\/IsCannoneris.jpg?fit=801%2C380&ssl=1&resize=350%2C200 1x, https:\/\/i0.wp.com\/www.caicagliari.it\/escursionismo\/wp-content\/uploads\/sites\/2\/2023\/12\/IsCannoneris.jpg?fit=801%2C380&ssl=1&resize=525%2C300 1.5x, https:\/\/i0.wp.com\/www.caicagliari.it\/escursionismo\/wp-content\/uploads\/sites\/2\/2023\/12\/IsCannoneris.jpg?fit=801%2C380&ssl=1&resize=700%2C400 2x"},"classes":[]},{"id":10003818,"url":"https:\/\/www.caicagliari.it\/escursionismo\/2024\/10\/07\/domenica-13-ottobre-2024-intersezionale-cuglieri-e-s-lussurgiu\/","url_meta":{"origin":10002797,"position":1},"title":"Domenica 13 Ottobre 2024 Intersezionale Cuglieri e S.Lussurgiu","author":"paolop","date":"7 Ottobre 2024","format":false,"excerpt":"Finalmente l'atteso evento della Escursione Intersezionale 2024. Andremo nel Montiferru, il pi\u00f9 esteso rilievo vulcanico della Sardegna. Un territorio di grande fascino, di particolare bellezza e di grandi emozioni. L' evento \u00e8 organizzato dalla sezione CAI di Oristano e si articola su due distinti percorsi: A) versante occidentale del Montiferru\u2026","rel":"","context":"In &quot;Escursioni 2024&quot;","block_context":{"text":"Escursioni 2024","link":"https:\/\/www.caicagliari.it\/escursionismo\/category\/escursioni-2024\/"},"img":{"alt_text":"","src":"https:\/\/i0.wp.com\/www.caicagliari.it\/escursionismo\/wp-content\/uploads\/sites\/2\/2024\/10\/2024_10_13-mont-1.jpg?fit=747%2C498&ssl=1&resize=350%2C200","width":350,"height":200,"srcset":"https:\/\/i0.wp.com\/www.caicagliari.it\/escursionismo\/wp-content\/uploads\/sites\/2\/2024\/10\/2024_10_13-mont-1.jpg?fit=747%2C498&ssl=1&resize=350%2C200 1x, https:\/\/i0.wp.com\/www.caicagliari.it\/escursionismo\/wp-content\/uploads\/sites\/2\/2024\/10\/2024_10_13-mont-1.jpg?fit=747%2C498&ssl=1&resize=525%2C300 1.5x, https:\/\/i0.wp.com\/www.caicagliari.it\/escursionismo\/wp-content\/uploads\/sites\/2\/2024\/10\/2024_10_13-mont-1.jpg?fit=747%2C498&ssl=1&resize=700%2C400 2x"},"classes":[]},{"id":10002924,"url":"https:\/\/www.caicagliari.it\/escursionismo\/2022\/09\/12\/2022_09_25-is-casteddus-de-perdu-cossu\/","url_meta":{"origin":10002797,"position":2},"title":"2022_09_25 Is Casteddus de Perdu Cossu","author":"paolop","date":"12 Settembre 2022","format":false,"excerpt":"Finalmente riprendono le escursioni dopo la pausa estiva. Una escursione non particolarmente faticosa, ma delicata per alcuni passaggi esposti nel tratto che da S'Intaccu de Is Casteddus de Perdu Cossu porta alla Punta de Is Casteddus. La punta\u00a0 \u00e8 quotata in carta 986m. Sotto di noi un mare apparentemente impenetrabile\u2026","rel":"","context":"In &quot;Escursioni 2022&quot;","block_context":{"text":"Escursioni 2022","link":"https:\/\/www.caicagliari.it\/escursionismo\/category\/escursioni-2022\/"},"img":{"alt_text":"","src":"https:\/\/i0.wp.com\/www.caicagliari.it\/escursionismo\/wp-content\/uploads\/sites\/2\/2022\/09\/IsCasteddus.jpg?fit=1200%2C799&ssl=1&resize=350%2C200","width":350,"height":200,"srcset":"https:\/\/i0.wp.com\/www.caicagliari.it\/escursionismo\/wp-content\/uploads\/sites\/2\/2022\/09\/IsCasteddus.jpg?fit=1200%2C799&ssl=1&resize=350%2C200 1x, https:\/\/i0.wp.com\/www.caicagliari.it\/escursionismo\/wp-content\/uploads\/sites\/2\/2022\/09\/IsCasteddus.jpg?fit=1200%2C799&ssl=1&resize=525%2C300 1.5x, https:\/\/i0.wp.com\/www.caicagliari.it\/escursionismo\/wp-content\/uploads\/sites\/2\/2022\/09\/IsCasteddus.jpg?fit=1200%2C799&ssl=1&resize=700%2C400 2x, https:\/\/i0.wp.com\/www.caicagliari.it\/escursionismo\/wp-content\/uploads\/sites\/2\/2022\/09\/IsCasteddus.jpg?fit=1200%2C799&ssl=1&resize=1050%2C600 3x"},"classes":[]},{"id":10002714,"url":"https:\/\/www.caicagliari.it\/escursionismo\/2021\/08\/29\/domenica-12-settembre-2021-buchi-arta-cala-luna\/","url_meta":{"origin":10002797,"position":3},"title":"Domenica 12 Settembre 2021 &#8212; Buchi Arta &#8211; Cala Luna","author":"paolop","date":"29 Agosto 2021","format":false,"excerpt":"L\u2019itinerario dell\u2019escursione si svolge ad anello nel Supramonte di Dorgali, in un ambiente di straordinaria bellezza e di grande valore naturalistico. Meta dell\u2019escursione \u00e8 la splendida spiaggia di Cala Luna che verr\u00e0 raggiunta partendo da Buchi Arta attraverso S'Iscala 'e Molente. Il rientro si far\u00e0 attraverso la pi\u00f9 impegnativa Iscala\u2026","rel":"","context":"In &quot;Escursioni 2021&quot;","block_context":{"text":"Escursioni 2021","link":"https:\/\/www.caicagliari.it\/escursionismo\/category\/escursioni-2021\/"},"img":{"alt_text":"","src":"https:\/\/i0.wp.com\/www.caicagliari.it\/escursionismo\/wp-content\/uploads\/sites\/2\/2021\/08\/calaluna_1989.jpg?fit=289%2C450&ssl=1&resize=350%2C200","width":350,"height":200},"classes":[]},{"id":10002947,"url":"https:\/\/www.caicagliari.it\/escursionismo\/2022\/09\/30\/domenica-9-ottobre-texile-aritzo\/","url_meta":{"origin":10002797,"position":4},"title":"Domenica 9 Ottobre &#8211; Texile &#8211; Aritzo","author":"paolop","date":"30 Settembre 2022","format":false,"excerpt":"L'escursione \u00e8 organizzata nell'ambito\u00a0della inaugurazione della capanna sociale di Aritzo. Sabato pomeriggio - 08 Ottobre: \u00a0Convegno presso la Capanna Sociale dal tema \"Frequentazione, tutela e valorizzazione dell\u2019ambiente montano: problemi e opportunit\u00e0\". Domenica \u2013 09 ottobre: Con la partecipazione del nostro Presidente Generale Antonio Montani, la mattinata sar\u00e0 dedicata ad una\u2026","rel":"","context":"In &quot;Appuntamenti ed Eventi&quot;","block_context":{"text":"Appuntamenti ed Eventi","link":"https:\/\/www.caicagliari.it\/escursionismo\/category\/appuntamenti-ed-eventi\/"},"img":{"alt_text":"","src":"https:\/\/i0.wp.com\/www.caicagliari.it\/escursionismo\/wp-content\/uploads\/sites\/2\/2022\/09\/Texile.jpg?fit=613%2C365&ssl=1&resize=350%2C200","width":350,"height":200,"srcset":"https:\/\/i0.wp.com\/www.caicagliari.it\/escursionismo\/wp-content\/uploads\/sites\/2\/2022\/09\/Texile.jpg?fit=613%2C365&ssl=1&resize=350%2C200 1x, https:\/\/i0.wp.com\/www.caicagliari.it\/escursionismo\/wp-content\/uploads\/sites\/2\/2022\/09\/Texile.jpg?fit=613%2C365&ssl=1&resize=525%2C300 1.5x"},"classes":[]},{"id":10003458,"url":"https:\/\/www.caicagliari.it\/escursionismo\/2023\/12\/11\/domenica-17-dicembre-2023-is-cannoneris\/","url_meta":{"origin":10002797,"position":5},"title":"Domenica 17 dicembre 2023 &#8211; Is Cannoneris","author":"paolop","date":"11 Dicembre 2023","format":false,"excerpt":"Panoramica escursione non molto impegnativa, con ampi panorami da Punta Sebera e una vista suggestiva sull'incantevole orrido di Calamixi. \u2013 Lunghezza km.10 circa \u2013 Dislivello in salita m.500 circa \u2013 Dislivello in discesa m.500 circa \u2013 Tempo di percorrenza 6 ore circa (pause escluse) \u2013 Difficolt\u00e0 E Le istruzioni per\u2026","rel":"","context":"In &quot;Escursioni 2023&quot;","block_context":{"text":"Escursioni 2023","link":"https:\/\/www.caicagliari.it\/escursionismo\/category\/escursioni-2023\/"},"img":{"alt_text":"","src":"https:\/\/i0.wp.com\/www.caicagliari.it\/escursionismo\/wp-content\/uploads\/sites\/2\/2023\/12\/IsCannoneris.jpg?fit=801%2C380&ssl=1&resize=350%2C200","width":350,"height":200,"srcset":"https:\/\/i0.wp.com\/www.caicagliari.it\/escursionismo\/wp-content\/uploads\/sites\/2\/2023\/12\/IsCannoneris.jpg?fit=801%2C380&ssl=1&resize=350%2C200 1x, https:\/\/i0.wp.com\/www.caicagliari.it\/escursionismo\/wp-content\/uploads\/sites\/2\/2023\/12\/IsCannoneris.jpg?fit=801%2C380&ssl=1&resize=525%2C300 1.5x, https:\/\/i0.wp.com\/www.caicagliari.it\/escursionismo\/wp-content\/uploads\/sites\/2\/2023\/12\/IsCannoneris.jpg?fit=801%2C380&ssl=1&resize=700%2C400 2x"},"classes":[]}],"_links":{"self":[{"href":"https:\/\/www.caicagliari.it\/escursionismo\/wp-json\/wp\/v2\/posts\/10002797","targetHints":{"allow":["GET"]}}],"collection":[{"href":"https:\/\/www.caicagliari.it\/escursionismo\/wp-json\/wp\/v2\/posts"}],"about":[{"href":"https:\/\/www.caicagliari.it\/escursionismo\/wp-json\/wp\/v2\/types\/post"}],"author":[{"embeddable":true,"href":"https:\/\/www.caicagliari.it\/escursionismo\/wp-json\/wp\/v2\/users\/9"}],"replies":[{"embeddable":true,"href":"https:\/\/www.caicagliari.it\/escursionismo\/wp-json\/wp\/v2\/comments?post=10002797"}],"version-history":[{"count":1,"href":"https:\/\/www.caicagliari.it\/escursionismo\/wp-json\/wp\/v2\/posts\/10002797\/revisions"}],"predecessor-version":[{"id":10002800,"href":"https:\/\/www.caicagliari.it\/escursionismo\/wp-json\/wp\/v2\/posts\/10002797\/revisions\/10002800"}],"wp:featuredmedia":[{"embeddable":true,"href":"https:\/\/www.caicagliari.it\/escursionismo\/wp-json\/wp\/v2\/media\/10002799"}],"wp:attachment":[{"href":"https:\/\/www.caicagliari.it\/escursionismo\/wp-json\/wp\/v2\/media?parent=10002797"}],"wp:term":[{"taxonomy":"category","embeddable":true,"href":"https:\/\/www.caicagliari.it\/escursionismo\/wp-json\/wp\/v2\/categories?post=10002797"},{"taxonomy":"post_tag","embeddable":true,"href":"https:\/\/www.caicagliari.it\/escursionismo\/wp-json\/wp\/v2\/tags?post=10002797"}],"curies":[{"name":"wp","href":"https:\/\/api.w.org\/{rel}","templated":true}]}}